{"id":1193,"date":"2024-02-20T22:59:32","date_gmt":"2024-02-20T22:59:32","guid":{"rendered":"https:\/\/respiro-zpp.ch\/?page_id=1193"},"modified":"2024-02-20T23:12:51","modified_gmt":"2024-02-20T23:12:51","slug":"assistenzarztinnen-in-kinder-und-jugendpsychiatrie","status":"publish","type":"post","link":"https:\/\/respiro-zpp.ch\/tr\/assistenzarztinnen-in-kinder-und-jugendpsychiatrie\/","title":{"rendered":"Assistenz\u00e4rztInnen in Kinder- und Jugendpsychiatrie"},"content":{"rendered":"<div data-elementor-type=\"wp-page\" data-elementor-id=\"1193\" class=\"elementor elementor-1193\" data-elementor-post-type=\"post\">\n\t\t\t\t\t\t<section class=\"elementor-section elementor-top-section elementor-element elementor-element-28c116f2 elementor-reverse-tablet elementor-reverse-mobile elementor-section-boxed elementor-section-height-default elementor-section-height-default\" data-id=\"28c116f2\" data-element_type=\"section\" data-e-type=\"section\">\n\t\t\t\t\t\t<div class=\"elementor-container elementor-column-gap-default\">\n\t\t\t\t\t<div class=\"elementor-column elementor-col-100 elementor-top-column elementor-element elementor-element-6c372b5e\" data-id=\"6c372b5e\" data-element_type=\"column\" data-e-type=\"column\" data-settings=\"{&quot;background_background&quot;:&quot;classic&quot;}\">\n\t\t\t<div class=\"elementor-widget-wrap elementor-element-populated\">\n\t\t\t\t\t<div class=\"elementor-background-overlay\"><\/div>\n\t\t\t\t\t\t<div class=\"elementor-element elementor-element-e1b011a elementor-widget elementor-widget-heading\" data-id=\"e1b011a\" data-element_type=\"widget\" data-e-type=\"widget\" data-widget_type=\"heading.default\">\n\t\t\t\t<div class=\"elementor-widget-container\">\n\t\t\t\t\t<h2 class=\"elementor-heading-title elementor-size-default\">Assistenz\u00e4rztInnen in Kinder- und Jugendpsychiatrie<\/h2>\t\t\t\t<\/div>\n\t\t\t\t<\/div>\n\t\t\t\t<div class=\"elementor-element elementor-element-289b4982 elementor-widget-divider--view-line elementor-widget elementor-widget-divider\" data-id=\"289b4982\" data-element_type=\"widget\" data-e-type=\"widget\" data-widget_type=\"divider.default\">\n\t\t\t\t<div class=\"elementor-widget-container\">\n\t\t\t\t\t\t\t<div class=\"elementor-divider\">\n\t\t\t<span class=\"elementor-divider-separator\">\n\t\t\t\t\t\t<\/span>\n\t\t<\/div>\n\t\t\t\t\t\t<\/div>\n\t\t\t\t<\/div>\n\t\t\t\t<div class=\"elementor-element elementor-element-449cd2af elementor-widget elementor-widget-text-editor\" data-id=\"449cd2af\" data-element_type=\"widget\" data-e-type=\"widget\" data-widget_type=\"text-editor.default\">\n\t\t\t\t<div class=\"elementor-widget-container\">\n\t\t\t\t\t\t\t\t\t<p>Die Respiro Zentrum f\u00fcr Psychiatrie und Psychotherapie GmbH ist eine renommierte ambulante Institution mit einer Betriebsaus\u00fcbungsbewilligung im Kanton Z\u00fcrich. Wir wollen einen besonderen Fokus auf die transkulturelle Psychiatrie legen, weshalb unterschiedlichste Migrationshintergr\u00fcnde von besonderem Interesse sind.<\/p><p>Zur Erweiterung unseres Teams und zur Verbesserung der Versorgung von Kindern und Jugendlichen mit psychischen Erkrankungen suchen wir engagierte Fach\u00e4rzte und Assistenz\u00e4rzte f\u00fcr den Bereich der Kinder- und Jugendpsychiatrie in Z\u00fcrich.<\/p>\t\t\t\t\t\t\t\t<\/div>\n\t\t\t\t<\/div>\n\t\t\t\t<div class=\"elementor-element elementor-element-42fb4794 elementor-widget elementor-widget-heading\" data-id=\"42fb4794\" data-element_type=\"widget\" data-e-type=\"widget\" data-widget_type=\"heading.default\">\n\t\t\t\t<div class=\"elementor-widget-container\">\n\t\t\t\t\t<h4 class=\"elementor-heading-title elementor-size-default\">Ihre Aufgaben:<\/h4>\t\t\t\t<\/div>\n\t\t\t\t<\/div>\n\t\t\t\t<div class=\"elementor-element elementor-element-2ee5e63e elementor-widget elementor-widget-text-editor\" data-id=\"2ee5e63e\" data-element_type=\"widget\" data-e-type=\"widget\" data-widget_type=\"text-editor.default\">\n\t\t\t\t<div class=\"elementor-widget-container\">\n\t\t\t\t\t\t\t\t\t<ul><li>Diagnosestellung und Behandlung von Kindern und Jugendlichen mit psychischen Erkrankungen im ambulanten Setting<\/li><li>Durchf\u00fchrung von psychiatrischen Untersuchungen, einschlie\u00dflich Anamneseerhebung, klinischer Bewertung und therapeutischer Interventionen<\/li><li>Erstellung von individuellen Behandlungspl\u00e4nen und \u00dcberwachung des Therapieverlaufs<\/li><li>Teilnahme an Teambesprechungen, Fallkonferenzen und Supervisionen<\/li><li>\u00a0<\/li><\/ul>\t\t\t\t\t\t\t\t<\/div>\n\t\t\t\t<\/div>\n\t\t\t\t<div class=\"elementor-element elementor-element-b928164 elementor-widget elementor-widget-heading\" data-id=\"b928164\" data-element_type=\"widget\" data-e-type=\"widget\" data-widget_type=\"heading.default\">\n\t\t\t\t<div class=\"elementor-widget-container\">\n\t\t\t\t\t<h4 class=\"elementor-heading-title elementor-size-default\">Ihr Profil:<\/h4>\t\t\t\t<\/div>\n\t\t\t\t<\/div>\n\t\t\t\t<div class=\"elementor-element elementor-element-5c0e01f elementor-widget elementor-widget-text-editor\" data-id=\"5c0e01f\" data-element_type=\"widget\" data-e-type=\"widget\" data-widget_type=\"text-editor.default\">\n\t\t\t\t<div class=\"elementor-widget-container\">\n\t\t\t\t\t\t\t\t\t<ul><li>Mindestens zwei Jahre Erfahrung in der Kinder- und Jugendpsychiatrie<\/li><li>Interesse an der Kinder- und Jugendpsychiatrie sowie Motivation zur Spezialisierung in diesem Fachgebiet<\/li><li>Bereitschaft zur Zusammenarbeit mit erfahrenen Fach\u00e4rzten und zur kontinuierlichen fachlichen Weiterentwicklung<\/li><li>Teamf\u00e4higkeit, Engagement und hohe Lernbereitschaft<\/li><li>Bitte beachten Sie: Die Zeit der Anstellung als Assistenzarzt\/Assistenz\u00e4rztin in unserer Einrichtung ist aktuell (Stand Juli 2023) nicht bei der FMH f\u00fcr die Facharztausbildung anrechenbar.<\/li><li>\u00a0<\/li><\/ul>\t\t\t\t\t\t\t\t<\/div>\n\t\t\t\t<\/div>\n\t\t\t\t<div class=\"elementor-element elementor-element-a3610e7 elementor-widget elementor-widget-heading\" data-id=\"a3610e7\" data-element_type=\"widget\" data-e-type=\"widget\" data-widget_type=\"heading.default\">\n\t\t\t\t<div class=\"elementor-widget-container\">\n\t\t\t\t\t<h4 class=\"elementor-heading-title elementor-size-default\">Wir bieten:<\/h4>\t\t\t\t<\/div>\n\t\t\t\t<\/div>\n\t\t\t\t<div class=\"elementor-element elementor-element-fc538ba elementor-widget elementor-widget-text-editor\" data-id=\"fc538ba\" data-element_type=\"widget\" data-e-type=\"widget\" data-widget_type=\"text-editor.default\">\n\t\t\t\t<div class=\"elementor-widget-container\">\n\t\t\t\t\t\t\t\t\t<ul><li>Eine verantwortungsvolle und abwechslungsreiche T\u00e4tigkeit in einem engagierten Team<\/li><li>Angemessene Verg\u00fctung und attraktive Arbeitsbedingungen<\/li><li>M\u00f6glichkeiten zur fachlichen Weiterbildung und Supervision<\/li><li>Modern ausgestattete Arbeitsr\u00e4ume und eine angenehme Arbeitsatmosph\u00e4re<\/li><li>Stellenprozente: 40-100<\/li><\/ul>\t\t\t\t\t\t\t\t<\/div>\n\t\t\t\t<\/div>\n\t\t\t\t<div class=\"elementor-element elementor-element-3b87156 elementor-widget-divider--view-line elementor-widget elementor-widget-divider\" data-id=\"3b87156\" data-element_type=\"widget\" data-e-type=\"widget\" data-widget_type=\"divider.default\">\n\t\t\t\t<div class=\"elementor-widget-container\">\n\t\t\t\t\t\t\t<div class=\"elementor-divider\">\n\t\t\t<span class=\"elementor-divider-separator\">\n\t\t\t\t\t\t<\/span>\n\t\t<\/div>\n\t\t\t\t\t\t<\/div>\n\t\t\t\t<\/div>\n\t\t\t\t<div class=\"elementor-element elementor-element-b54867e elementor-widget elementor-widget-text-editor\" data-id=\"b54867e\" data-element_type=\"widget\" data-e-type=\"widget\" data-widget_type=\"text-editor.default\">\n\t\t\t\t<div class=\"elementor-widget-container\">\n\t\t\t\t\t\t\t\t\t<p>Die Chance, die Versorgung von Kindern und Jugendlichen mit psychischen Erkrankungen nachhaltig zu verbessern.<\/p>\n<p>Wenn Sie Interesse haben, Teil unseres Teams zu werden und einen wertvollen Beitrag zur Kinder- und Jugendpsychiatrie zu leisten, senden Sie bitte Ihre vollst\u00e4ndigen Bewerbungsunterlagen (Lebenslauf, Zeugnisse) per E-Mail an <a href=\"mailto:metin.aysel@respiro-zpp.ch\"><strong>metin.aysel@respiro-zpp.ch<\/strong><\/a>&nbsp;F\u00fcr weitere Informationen stehen wir Ihnen ebenfalls gerne zur Verf\u00fcgung.<\/p>\t\t\t\t\t\t\t\t<\/div>\n\t\t\t\t<\/div>\n\t\t\t\t\t<\/div>\n\t\t<\/div>\n\t\t\t\t\t<\/div>\n\t\t<\/section>\n\t\t\t\t<\/div>","protected":false},"excerpt":{"rendered":"<p>Assistenz\u00e4rztInnen in Kinder- und Jugendpsychiatrie Die Respiro Zentrum f\u00fcr Psychiatrie und Psychotherapie GmbH ist eine renommierte ambulante Institution mit einer Betriebsaus\u00fcbungsbewilligung im Kanton Z\u00fcrich. Wir wollen einen besonderen Fokus auf die transkulturelle Psychiatrie legen, weshalb unterschiedlichste Migrationshintergr\u00fcnde von besonderem Interesse sind. Zur Erweiterung unseres Teams und zur Verbesserung der Versorgung von Kindern und Jugendlichen mit [&hellip;]<\/p>\n","protected":false},"author":2,"featured_media":1191,"comment_status":"closed","ping_status":"closed","sticky":false,"template":"elementor_header_footer","format":"standard","meta":{"_seopress_robots_primary_cat":"","_seopress_titles_title":"","_seopress_titles_desc":"","_seopress_robots_index":"","footnotes":""},"categories":[10],"tags":[],"class_list":["post-1193","post","type-post","status-publish","format-standard","has-post-thumbnail","hentry","category-stellen"],"_links":{"self":[{"href":"https:\/\/respiro-zpp.ch\/tr\/wp-json\/wp\/v2\/posts\/1193","targetHints":{"allow":["GET"]}}],"collection":[{"href":"https:\/\/respiro-zpp.ch\/tr\/wp-json\/wp\/v2\/posts"}],"about":[{"href":"https:\/\/respiro-zpp.ch\/tr\/wp-json\/wp\/v2\/types\/post"}],"author":[{"embeddable":true,"href":"https:\/\/respiro-zpp.ch\/tr\/wp-json\/wp\/v2\/users\/2"}],"replies":[{"embeddable":true,"href":"https:\/\/respiro-zpp.ch\/tr\/wp-json\/wp\/v2\/comments?post=1193"}],"version-history":[{"count":0,"href":"https:\/\/respiro-zpp.ch\/tr\/wp-json\/wp\/v2\/posts\/1193\/revisions"}],"wp:featuredmedia":[{"embeddable":true,"href":"https:\/\/respiro-zpp.ch\/tr\/wp-json\/wp\/v2\/media\/1191"}],"wp:attachment":[{"href":"https:\/\/respiro-zpp.ch\/tr\/wp-json\/wp\/v2\/media?parent=1193"}],"wp:term":[{"taxonomy":"category","embeddable":true,"href":"https:\/\/respiro-zpp.ch\/tr\/wp-json\/wp\/v2\/categories?post=1193"},{"taxonomy":"post_tag","embeddable":true,"href":"https:\/\/respiro-zpp.ch\/tr\/wp-json\/wp\/v2\/tags?post=1193"}],"curies":[{"name":"wp","href":"https:\/\/api.w.org\/{rel}","templated":true}]}}